{"id":1351,"date":"2025-01-29T12:40:59","date_gmt":"2025-01-29T12:40:59","guid":{"rendered":"https:\/\/www.adjustingharmonia.com\/stor-invigning-den-26-februari-kom-till-mijas-fuengirola\/"},"modified":"2025-04-04T07:07:15","modified_gmt":"2025-04-04T07:07:15","slug":"stor-invigning-den-26-februari-kom-till-mijas-fuengirola","status":"publish","type":"post","link":"https:\/\/www.adjustingharmonia.com\/sv\/stor-invigning-den-26-februari-kom-till-mijas-fuengirola\/","title":{"rendered":"Stor invigning den 26 februari - kom till Mijas - Fuengirola!"},"content":{"rendered":"\n<p>Vi \u00e4r glada att kunna v\u00e4lkomna dig till den stora \u00f6ppningen av Adjusting Harmonia den 26 februari 2024! V\u00e5r nya klinik i Fuengirola kommer att betj\u00e4na Marbella och Malaga och erbjuda professionella naprapat- och kiropraktorbehandlingar samt personlig tr\u00e4ning och h\u00e4lsoprogram.<\/p>\n\n<p>Vi kommer att dela med oss av mer information om evenemanget inom kort, s\u00e5 h\u00e5ll \u00f6gonen \u00f6ppna!<\/p>\n\n<p>\ud83d\udce9 Anm\u00e4l dig till v\u00e5rt nyhetsbrev f\u00f6r att bli f\u00f6rst med att f\u00e5 uppdateringar, h\u00e4lsotips fr\u00e5n experter och exklusiva \u00f6ppningsrabatter!<\/p>\n\n<figure class=\"wp-block-image size-large\"><img fetchpriority=\"high\" decoding=\"async\" width=\"1024\" height=\"576\" src=\"https:\/\/www.adjustingharmonia.com\/wp-content\/uploads\/2025\/01\/news2-1024x576.jpg\" alt=\"\" class=\"wp-image-267\" srcset=\"https:\/\/www.adjustingharmonia.com\/wp-content\/uploads\/2025\/01\/news2-1024x576.jpg 1024w, https:\/\/www.adjustingharmonia.com\/wp-content\/uploads\/2025\/01\/news2-300x169.jpg 300w, https:\/\/www.adjustingharmonia.com\/wp-content\/uploads\/2025\/01\/news2-768x432.jpg 768w, https:\/\/www.adjustingharmonia.com\/wp-content\/uploads\/2025\/01\/news2-1536x864.jpg 1536w, https:\/\/www.adjustingharmonia.com\/wp-content\/uploads\/2025\/01\/news2-600x338.jpg 600w, https:\/\/www.adjustingharmonia.com\/wp-content\/uploads\/2025\/01\/news2.jpg 1920w\" sizes=\"(max-width: 1024px) 100vw, 1024px\" \/><\/figure>\n","protected":false},"excerpt":{"rendered":"<p>Vi \u00e4r glada att kunna v\u00e4lkomna dig till den stora \u00f6ppningen av Adjusting Harmonia den 26 februari 2024! V\u00e5r nya klinik i Fuengirola kommer att betj\u00e4na Marbella och Malaga och [&hellip;]<\/p>\n","protected":false},"author":1,"featured_media":1139,"comment_status":"open","ping_status":"open","sticky":false,"template":"","format":"standard","meta":{"footnotes":""},"categories":[59],"tags":[],"class_list":["post-1351","post","type-post","status-publish","format-standard","has-post-thumbnail","hentry","category-nyheter"],"aioseo_notices":[],"_links":{"self":[{"href":"https:\/\/www.adjustingharmonia.com\/sv\/wp-json\/wp\/v2\/posts\/1351","targetHints":{"allow":["GET"]}}],"collection":[{"href":"https:\/\/www.adjustingharmonia.com\/sv\/wp-json\/wp\/v2\/posts"}],"about":[{"href":"https:\/\/www.adjustingharmonia.com\/sv\/wp-json\/wp\/v2\/types\/post"}],"author":[{"embeddable":true,"href":"https:\/\/www.adjustingharmonia.com\/sv\/wp-json\/wp\/v2\/users\/1"}],"replies":[{"embeddable":true,"href":"https:\/\/www.adjustingharmonia.com\/sv\/wp-json\/wp\/v2\/comments?post=1351"}],"version-history":[{"count":1,"href":"https:\/\/www.adjustingharmonia.com\/sv\/wp-json\/wp\/v2\/posts\/1351\/revisions"}],"predecessor-version":[{"id":1354,"href":"https:\/\/www.adjustingharmonia.com\/sv\/wp-json\/wp\/v2\/posts\/1351\/revisions\/1354"}],"wp:featuredmedia":[{"embeddable":true,"href":"https:\/\/www.adjustingharmonia.com\/sv\/wp-json\/wp\/v2\/media\/1139"}],"wp:attachment":[{"href":"https:\/\/www.adjustingharmonia.com\/sv\/wp-json\/wp\/v2\/media?parent=1351"}],"wp:term":[{"taxonomy":"category","embeddable":true,"href":"https:\/\/www.adjustingharmonia.com\/sv\/wp-json\/wp\/v2\/categories?post=1351"},{"taxonomy":"post_tag","embeddable":true,"href":"https:\/\/www.adjustingharmonia.com\/sv\/wp-json\/wp\/v2\/tags?post=1351"}],"curies":[{"name":"wp","href":"https:\/\/api.w.org\/{rel}","templated":true}]}}